{"id":680,"date":"2024-06-11T13:57:18","date_gmt":"2024-06-11T13:57:18","guid":{"rendered":"https:\/\/second-it.de\/?p=96"},"modified":"2024-12-09T22:14:44","modified_gmt":"2024-12-09T22:14:44","slug":"hardware-cycle-de-vie-rapport-pratique","status":"publish","type":"post","link":"https:\/\/www.second-it.de\/fr\/blog\/hardware-lebenszyklus-praxisbericht\/","title":{"rendered":"Le cycle de vie du mat\u00e9riel informatique repens\u00e9 - un rapport pratique"},"content":{"rendered":"<h3 class=\"wp-block-heading\">Du probl\u00e8me \u00e0 l'innovation<\/h3>\n\n\n\n<p>\u00c0 l'\u00e8re de la num\u00e9risation, les entreprises sont de plus en plus confront\u00e9es au d\u00e9fi de g\u00e9rer leur mat\u00e9riel informatique de mani\u00e8re efficace, durable et \u00e9conomique. Souvent, un conflit clair appara\u00eet : d'un c\u00f4t\u00e9, le besoin d'une technologie performante, de l'autre, la pression pour r\u00e9duire les co\u00fbts et r\u00e9pondre aux exigences environnementales. Mais comment r\u00e9ussir \u00e0 r\u00e9soudre cette apparente contradiction ? Une entreprise de taille moyenne du secteur de la logistique montre comment une approche innovante a r\u00e9volutionn\u00e9 le cycle de vie de son mat\u00e9riel informatique - avec des r\u00e9sultats surprenants.<\/p>\n\n\n\n<h3 class=\"wp-block-heading\">1. la situation de d\u00e9part : plus d'appareils, moins de contr\u00f4le<\/h3>\n\n\n\n<p>L'entreprise, qui op\u00e8re dans toute l'Europe, \u00e9tait confront\u00e9e \u00e0 une infrastructure informatique en pleine expansion. Plus de 1 500 appareils - des ordinateurs portables et des smartphones aux composants r\u00e9seau - \u00e9taient utilis\u00e9s. Mais il n'y avait pas de concept clair pour leur cycle de vie. Cela a entra\u00een\u00e9 des probl\u00e8mes tels que<\/p>\n\n\n\n<ul class=\"wp-block-list\">\n<li><strong>Perte de la vue d'ensemble<\/strong>&nbsp;sur les appareils utilis\u00e9s et leur \u00e9tat.<\/li>\n\n\n\n<li><strong>Co\u00fbts \u00e9lev\u00e9s<\/strong>&nbsp;par une gestion inefficace du mat\u00e9riel.<\/li>\n\n\n\n<li><strong>Risque potentiel<\/strong>&nbsp;en raison de l'effacement non s\u00e9curis\u00e9 des donn\u00e9es sur le mat\u00e9riel mis au rebut.<\/li>\n\n\n\n<li><strong>Impact environnemental<\/strong>&nbsp;par une \u00e9limination inappropri\u00e9e.<\/li>\n<\/ul>\n\n\n\n<p>Une chose est devenue claire : il fallait une approche structur\u00e9e qui tienne compte des aspects \u00e9conomiques et \u00e9cologiques.<\/p>\n\n\n\n<h3 class=\"wp-block-heading\">2. la solution : un nouveau regard sur le cycle de vie du mat\u00e9riel informatique<\/h3>\n\n\n\n<p>Le chemin vers l'am\u00e9lioration a commenc\u00e9 par un changement radical de mentalit\u00e9 :&nbsp;<strong>Le cycle de vie d'un appareil ne s'arr\u00eate pas apr\u00e8s sa premi\u00e8re utilisation.<\/strong>&nbsp;Une approche en trois \u00e9tapes a \u00e9t\u00e9 d\u00e9velopp\u00e9e avec l'aide d'un prestataire de services externe :<\/p>\n\n\n\n<h4 class=\"wp-block-heading\">a)&nbsp;<strong>Inventaire et transparence<\/strong><\/h4>\n\n\n\n<p>Tout d'abord, une plateforme centrale a \u00e9t\u00e9 mise en place pour recenser tous les appareils et documenter leur \u00e9tat en permanence.<br>\ud83d\udc49&nbsp;<em>Conseil : les outils de gestion automatis\u00e9e des actifs peuvent consid\u00e9rablement simplifier le processus.<\/em><\/p>\n\n\n\n<h4 class=\"wp-block-heading\">b)&nbsp;<strong>Prolongation de la dur\u00e9e d'utilisation<\/strong><\/h4>\n\n\n\n<p>Des mesures cibl\u00e9es - comme un entretien r\u00e9gulier, des mises \u00e0 niveau et une d\u00e9tection proactive des erreurs - ont permis de prolonger la dur\u00e9e de vie des appareils de 25 % en moyenne.<br>\ud83d\udc49&nbsp;<em>Conseil : les investissements dans la maintenance du mat\u00e9riel informatique sont rentables \u00e0 long terme.<\/em><\/p>\n\n\n\n<h4 class=\"wp-block-heading\">c)&nbsp;<strong>Remarketing et recyclage<\/strong><\/h4>\n\n\n\n<p>Les appareils qui n'\u00e9taient plus utilis\u00e9s ont \u00e9t\u00e9 soumis \u00e0 un processus de remarketing r\u00e9glement\u00e9. Les donn\u00e9es ont \u00e9t\u00e9 effac\u00e9es conform\u00e9ment \u00e0 la norme BSI et le mat\u00e9riel a \u00e9t\u00e9 soit revendu, soit recycl\u00e9 de mani\u00e8re durable.<br>\ud83d\udc49&nbsp;<em>En savoir plus sur l'effacement des donn\u00e9es conforme \u00e0 la norme BSI.<\/em><\/p>\n\n\n\n<h3 class=\"wp-block-heading\">3. les r\u00e9sultats : Convaincant sur le plan \u00e9cologique et \u00e9conomique<\/h3>\n\n\n\n<p>Apr\u00e8s seulement deux ans, une nette am\u00e9lioration a \u00e9t\u00e9 constat\u00e9e :<\/p>\n\n\n\n<ul class=\"wp-block-list\">\n<li><strong>R\u00e9duction des co\u00fbts :<\/strong>&nbsp;\u00c9conomies de 20 % sur les co\u00fbts d'exploitation informatique.<\/li>\n\n\n\n<li><strong>Une utilisation plus efficace :<\/strong>&nbsp;Les appareils ont \u00e9t\u00e9 utilis\u00e9s en moyenne 18 mois de plus<\/li>\n\n\n\n<li><strong>la durabilit\u00e9 :<\/strong>&nbsp;Plus de 90 % des appareils usag\u00e9s ont \u00e9t\u00e9 r\u00e9utilis\u00e9s ou recycl\u00e9s avec succ\u00e8s, ce qui a consid\u00e9rablement am\u00e9lior\u00e9 le bilan CO\u2082 de l'entreprise.<\/li>\n<\/ul>\n\n\n\n<p>Un employ\u00e9 a remarqu\u00e9&nbsp;<em>\"Nous avons enfin le sentiment de reprendre le contr\u00f4le - tout en faisant quelque chose pour l'environnement\".<\/em><\/p>\n\n\n\n<h3 class=\"wp-block-heading\">4. conclusion : un mod\u00e8le pour l'avenir<\/h3>\n\n\n\n<p>Ce rapport pratique montre qu'une gestion strat\u00e9gique du cycle de vie informatique peut non seulement r\u00e9duire les co\u00fbts, mais aussi soutenir les objectifs de durabilit\u00e9 d'une entreprise. La cl\u00e9 consiste \u00e0 consid\u00e9rer le cycle de vie du mat\u00e9riel informatique de mani\u00e8re globale et \u00e0 exploiter les potentiels existants.<\/p>\n\n\n\n<p><strong>Quel est le cycle de vie de votre informatique ?<\/strong><br>Avec une approche structur\u00e9e et les bons partenaires, vous pouvez \u00e9galement reprendre le contr\u00f4le et rendre votre mat\u00e9riel informatique plus efficace.<\/p>","protected":false},"excerpt":{"rendered":"<p>Une entreprise de taille moyenne montre comment la gestion strat\u00e9gique du cycle de vie informatique permet de r\u00e9duire les co\u00fbts. En m\u00eame temps, les appareils sont utilis\u00e9s plus efficacement et les objectifs de durabilit\u00e9 sont atteints avec succ\u00e8s.<\/p>","protected":false},"author":2,"featured_media":6407,"comment_status":"open","ping_status":"open","sticky":false,"template":"","format":"standard","meta":{"_acf_changed":false,"_jetpack_memberships_contains_paid_content":false,"footnotes":""},"categories":[1],"tags":[],"class_list":["post-680","post","type-post","status-publish","format-standard","has-post-thumbnail","hentry","category-uncategorized"],"acf":[],"yoast_head":"<!-- This site is optimized with the Yoast SEO plugin v27.1.1 - https:\/\/yoast.com\/product\/yoast-seo-wordpress\/ -->\n<title>Hardware-Lebenszyklus neu gedacht \u2013 Ein Praxisbericht<\/title>\n<meta name=\"description\" content=\"Entdecken Sie, wie ein Unternehmen durch innovatives Hardware-Management Kosten senkte und Nachhaltigkeit steigerte. Praxisnah und inspirierend.\" \/>\n<meta name=\"robots\" content=\"index, follow, max-snippet:-1, max-image-preview:large, max-video-preview:-1\" \/>\n<link rel=\"canonical\" href=\"https:\/\/www.second-it.de\/fr\/blog\/hardware-cycle-de-vie-rapport-pratique\/\" \/>\n<meta property=\"og:locale\" content=\"fr_FR\" \/>\n<meta property=\"og:type\" content=\"article\" \/>\n<meta property=\"og:title\" content=\"Hardware-Lebenszyklus neu gedacht \u2013 Ein Praxisbericht\" \/>\n<meta property=\"og:description\" content=\"Entdecken Sie, wie ein Unternehmen durch innovatives Hardware-Management Kosten senkte und Nachhaltigkeit steigerte. Praxisnah und inspirierend.\" \/>\n<meta property=\"og:url\" content=\"https:\/\/www.second-it.de\/fr\/blog\/hardware-cycle-de-vie-rapport-pratique\/\" \/>\n<meta property=\"og:site_name\" content=\"Second IT Remarketing\" \/>\n<meta property=\"article:published_time\" content=\"2024-06-11T13:57:18+00:00\" \/>\n<meta property=\"article:modified_time\" content=\"2024-12-09T22:14:44+00:00\" \/>\n<meta property=\"og:image\" content=\"https:\/\/www.second-it.de\/wp-content\/uploads\/2024\/06\/office-computer-kostensenkung-kostenoptimierung-it-remarketing-itad-second-it-store-gmbh.jpg\" \/>\n\t<meta property=\"og:image:width\" content=\"1325\" \/>\n\t<meta property=\"og:image:height\" content=\"743\" \/>\n\t<meta property=\"og:image:type\" content=\"image\/jpeg\" \/>\n<meta name=\"author\" content=\"Arash Ekhlasi\" \/>\n<meta name=\"twitter:card\" content=\"summary_large_image\" \/>\n<meta name=\"twitter:label1\" content=\"\u00c9crit par\" \/>\n\t<meta name=\"twitter:data1\" content=\"Arash Ekhlasi\" \/>\n\t<meta name=\"twitter:label2\" content=\"Dur\u00e9e de lecture estim\u00e9e\" \/>\n\t<meta name=\"twitter:data2\" content=\"3 minutes\" \/>\n<script type=\"application\/ld+json\" class=\"yoast-schema-graph\">{\"@context\":\"https:\/\/schema.org\",\"@graph\":[{\"@type\":\"Article\",\"@id\":\"https:\/\/www.second-it.de\/blog\/hardware-lebenszyklus-praxisbericht\/#article\",\"isPartOf\":{\"@id\":\"https:\/\/www.second-it.de\/blog\/hardware-lebenszyklus-praxisbericht\/\"},\"author\":{\"name\":\"Arash Ekhlasi\",\"@id\":\"https:\/\/www.second-it.de\/#\/schema\/person\/cd5e1374fd1e7628d89a2c9ed8295aa3\"},\"headline\":\"Hardware-Lebenszyklus neu gedacht \u2013 Ein Praxisbericht\",\"datePublished\":\"2024-06-11T13:57:18+00:00\",\"dateModified\":\"2024-12-09T22:14:44+00:00\",\"mainEntityOfPage\":{\"@id\":\"https:\/\/www.second-it.de\/blog\/hardware-lebenszyklus-praxisbericht\/\"},\"wordCount\":489,\"commentCount\":0,\"publisher\":{\"@id\":\"https:\/\/www.second-it.de\/#organization\"},\"image\":{\"@id\":\"https:\/\/www.second-it.de\/blog\/hardware-lebenszyklus-praxisbericht\/#primaryimage\"},\"thumbnailUrl\":\"https:\/\/www.second-it.de\/wp-content\/uploads\/2024\/06\/office-computer-kostensenkung-kostenoptimierung-it-remarketing-itad-second-it-store-gmbh.jpg\",\"articleSection\":[\"Uncategorized\"],\"inLanguage\":\"fr-FR\",\"potentialAction\":[{\"@type\":\"CommentAction\",\"name\":\"Comment\",\"target\":[\"https:\/\/www.second-it.de\/blog\/hardware-lebenszyklus-praxisbericht\/#respond\"]}]},{\"@type\":\"WebPage\",\"@id\":\"https:\/\/www.second-it.de\/blog\/hardware-lebenszyklus-praxisbericht\/\",\"url\":\"https:\/\/www.second-it.de\/blog\/hardware-lebenszyklus-praxisbericht\/\",\"name\":\"Hardware-Lebenszyklus neu gedacht \u2013 Ein Praxisbericht\",\"isPartOf\":{\"@id\":\"https:\/\/www.second-it.de\/#website\"},\"primaryImageOfPage\":{\"@id\":\"https:\/\/www.second-it.de\/blog\/hardware-lebenszyklus-praxisbericht\/#primaryimage\"},\"image\":{\"@id\":\"https:\/\/www.second-it.de\/blog\/hardware-lebenszyklus-praxisbericht\/#primaryimage\"},\"thumbnailUrl\":\"https:\/\/www.second-it.de\/wp-content\/uploads\/2024\/06\/office-computer-kostensenkung-kostenoptimierung-it-remarketing-itad-second-it-store-gmbh.jpg\",\"datePublished\":\"2024-06-11T13:57:18+00:00\",\"dateModified\":\"2024-12-09T22:14:44+00:00\",\"description\":\"Entdecken Sie, wie ein Unternehmen durch innovatives Hardware-Management Kosten senkte und Nachhaltigkeit steigerte. Praxisnah und inspirierend.\",\"breadcrumb\":{\"@id\":\"https:\/\/www.second-it.de\/blog\/hardware-lebenszyklus-praxisbericht\/#breadcrumb\"},\"inLanguage\":\"fr-FR\",\"potentialAction\":[{\"@type\":\"ReadAction\",\"target\":[\"https:\/\/www.second-it.de\/blog\/hardware-lebenszyklus-praxisbericht\/\"]}]},{\"@type\":\"ImageObject\",\"inLanguage\":\"fr-FR\",\"@id\":\"https:\/\/www.second-it.de\/blog\/hardware-lebenszyklus-praxisbericht\/#primaryimage\",\"url\":\"https:\/\/www.second-it.de\/wp-content\/uploads\/2024\/06\/office-computer-kostensenkung-kostenoptimierung-it-remarketing-itad-second-it-store-gmbh.jpg\",\"contentUrl\":\"https:\/\/www.second-it.de\/wp-content\/uploads\/2024\/06\/office-computer-kostensenkung-kostenoptimierung-it-remarketing-itad-second-it-store-gmbh.jpg\",\"width\":1325,\"height\":743,\"caption\":\"Second IT optimiert IT-Kosten durch nachhaltige Verwertung von B\u00fcrohardware mit BSI-konformer Datenl\u00f6schung und ISO-Zertifizierung.\"},{\"@type\":\"BreadcrumbList\",\"@id\":\"https:\/\/www.second-it.de\/blog\/hardware-lebenszyklus-praxisbericht\/#breadcrumb\",\"itemListElement\":[{\"@type\":\"ListItem\",\"position\":1,\"name\":\"Home\",\"item\":\"https:\/\/www.second-it.de\/\"},{\"@type\":\"ListItem\",\"position\":2,\"name\":\"Hardware-Lebenszyklus neu gedacht \u2013 Ein Praxisbericht\"}]},{\"@type\":\"WebSite\",\"@id\":\"https:\/\/www.second-it.de\/#website\",\"url\":\"https:\/\/www.second-it.de\/\",\"name\":\"www.second-it.de\",\"description\":\"IT-Ankauf, Refurbishing und DSGVO-konforme Datenl\u00f6schung.\",\"publisher\":{\"@id\":\"https:\/\/www.second-it.de\/#organization\"},\"potentialAction\":[{\"@type\":\"SearchAction\",\"target\":{\"@type\":\"EntryPoint\",\"urlTemplate\":\"https:\/\/www.second-it.de\/?s={search_term_string}\"},\"query-input\":{\"@type\":\"PropertyValueSpecification\",\"valueRequired\":true,\"valueName\":\"search_term_string\"}}],\"inLanguage\":\"fr-FR\"},{\"@type\":\"Organization\",\"@id\":\"https:\/\/www.second-it.de\/#organization\",\"name\":\"Second IT Store GmbH\",\"url\":\"https:\/\/www.second-it.de\/\",\"logo\":{\"@type\":\"ImageObject\",\"inLanguage\":\"fr-FR\",\"@id\":\"https:\/\/www.second-it.de\/#\/schema\/logo\/image\/\",\"url\":\"https:\/\/www.second-it.de\/wp-content\/uploads\/2024\/07\/secondit-logo.svg\",\"contentUrl\":\"https:\/\/www.second-it.de\/wp-content\/uploads\/2024\/07\/secondit-logo.svg\",\"width\":212,\"height\":24,\"caption\":\"Second IT Store GmbH\"},\"image\":{\"@id\":\"https:\/\/www.second-it.de\/#\/schema\/logo\/image\/\"}},{\"@type\":\"Person\",\"@id\":\"https:\/\/www.second-it.de\/#\/schema\/person\/cd5e1374fd1e7628d89a2c9ed8295aa3\",\"name\":\"Arash Ekhlasi\",\"image\":{\"@type\":\"ImageObject\",\"inLanguage\":\"fr-FR\",\"@id\":\"https:\/\/www.second-it.de\/#\/schema\/person\/image\/\",\"url\":\"https:\/\/secure.gravatar.com\/avatar\/68ea88e0b026eb113aa171cc6041b41efc01017df641aa90420140291a08675d?s=96&d=mm&r=g\",\"contentUrl\":\"https:\/\/secure.gravatar.com\/avatar\/68ea88e0b026eb113aa171cc6041b41efc01017df641aa90420140291a08675d?s=96&d=mm&r=g\",\"caption\":\"Arash Ekhlasi\"},\"sameAs\":[\"https:\/\/www.cubemedia.de\"],\"url\":\"https:\/\/www.second-it.de\/fr\/blog\/author\/cubemedia\/\"}]}<\/script>\n<!-- \/ Yoast SEO plugin. -->","yoast_head_json":{"title":"Le cycle de vie du mat\u00e9riel informatique repens\u00e9 - un rapport pratique","description":"D\u00e9couvrez comment une entreprise a r\u00e9duit ses co\u00fbts et augment\u00e9 sa durabilit\u00e9 gr\u00e2ce \u00e0 une gestion innovante du mat\u00e9riel. Pratique et inspirant.","robots":{"index":"index","follow":"follow","max-snippet":"max-snippet:-1","max-image-preview":"max-image-preview:large","max-video-preview":"max-video-preview:-1"},"canonical":"https:\/\/www.second-it.de\/fr\/blog\/hardware-cycle-de-vie-rapport-pratique\/","og_locale":"fr_FR","og_type":"article","og_title":"Hardware-Lebenszyklus neu gedacht \u2013 Ein Praxisbericht","og_description":"Entdecken Sie, wie ein Unternehmen durch innovatives Hardware-Management Kosten senkte und Nachhaltigkeit steigerte. Praxisnah und inspirierend.","og_url":"https:\/\/www.second-it.de\/fr\/blog\/hardware-cycle-de-vie-rapport-pratique\/","og_site_name":"Second IT Remarketing","article_published_time":"2024-06-11T13:57:18+00:00","article_modified_time":"2024-12-09T22:14:44+00:00","og_image":[{"width":1325,"height":743,"url":"https:\/\/www.second-it.de\/wp-content\/uploads\/2024\/06\/office-computer-kostensenkung-kostenoptimierung-it-remarketing-itad-second-it-store-gmbh.jpg","type":"image\/jpeg"}],"author":"Arash Ekhlasi","twitter_card":"summary_large_image","twitter_misc":{"\u00c9crit par":"Arash Ekhlasi","Dur\u00e9e de lecture estim\u00e9e":"3 minutes"},"schema":{"@context":"https:\/\/schema.org","@graph":[{"@type":"Article","@id":"https:\/\/www.second-it.de\/blog\/hardware-lebenszyklus-praxisbericht\/#article","isPartOf":{"@id":"https:\/\/www.second-it.de\/blog\/hardware-lebenszyklus-praxisbericht\/"},"author":{"name":"Arash Ekhlasi","@id":"https:\/\/www.second-it.de\/#\/schema\/person\/cd5e1374fd1e7628d89a2c9ed8295aa3"},"headline":"Hardware-Lebenszyklus neu gedacht \u2013 Ein Praxisbericht","datePublished":"2024-06-11T13:57:18+00:00","dateModified":"2024-12-09T22:14:44+00:00","mainEntityOfPage":{"@id":"https:\/\/www.second-it.de\/blog\/hardware-lebenszyklus-praxisbericht\/"},"wordCount":489,"commentCount":0,"publisher":{"@id":"https:\/\/www.second-it.de\/#organization"},"image":{"@id":"https:\/\/www.second-it.de\/blog\/hardware-lebenszyklus-praxisbericht\/#primaryimage"},"thumbnailUrl":"https:\/\/www.second-it.de\/wp-content\/uploads\/2024\/06\/office-computer-kostensenkung-kostenoptimierung-it-remarketing-itad-second-it-store-gmbh.jpg","articleSection":["Uncategorized"],"inLanguage":"fr-FR","potentialAction":[{"@type":"CommentAction","name":"Comment","target":["https:\/\/www.second-it.de\/blog\/hardware-lebenszyklus-praxisbericht\/#respond"]}]},{"@type":"WebPage","@id":"https:\/\/www.second-it.de\/blog\/hardware-lebenszyklus-praxisbericht\/","url":"https:\/\/www.second-it.de\/blog\/hardware-lebenszyklus-praxisbericht\/","name":"Le cycle de vie du mat\u00e9riel informatique repens\u00e9 - un rapport pratique","isPartOf":{"@id":"https:\/\/www.second-it.de\/#website"},"primaryImageOfPage":{"@id":"https:\/\/www.second-it.de\/blog\/hardware-lebenszyklus-praxisbericht\/#primaryimage"},"image":{"@id":"https:\/\/www.second-it.de\/blog\/hardware-lebenszyklus-praxisbericht\/#primaryimage"},"thumbnailUrl":"https:\/\/www.second-it.de\/wp-content\/uploads\/2024\/06\/office-computer-kostensenkung-kostenoptimierung-it-remarketing-itad-second-it-store-gmbh.jpg","datePublished":"2024-06-11T13:57:18+00:00","dateModified":"2024-12-09T22:14:44+00:00","description":"D\u00e9couvrez comment une entreprise a r\u00e9duit ses co\u00fbts et augment\u00e9 sa durabilit\u00e9 gr\u00e2ce \u00e0 une gestion innovante du mat\u00e9riel. Pratique et inspirant.","breadcrumb":{"@id":"https:\/\/www.second-it.de\/blog\/hardware-lebenszyklus-praxisbericht\/#breadcrumb"},"inLanguage":"fr-FR","potentialAction":[{"@type":"ReadAction","target":["https:\/\/www.second-it.de\/blog\/hardware-lebenszyklus-praxisbericht\/"]}]},{"@type":"ImageObject","inLanguage":"fr-FR","@id":"https:\/\/www.second-it.de\/blog\/hardware-lebenszyklus-praxisbericht\/#primaryimage","url":"https:\/\/www.second-it.de\/wp-content\/uploads\/2024\/06\/office-computer-kostensenkung-kostenoptimierung-it-remarketing-itad-second-it-store-gmbh.jpg","contentUrl":"https:\/\/www.second-it.de\/wp-content\/uploads\/2024\/06\/office-computer-kostensenkung-kostenoptimierung-it-remarketing-itad-second-it-store-gmbh.jpg","width":1325,"height":743,"caption":"Second IT optimiert IT-Kosten durch nachhaltige Verwertung von B\u00fcrohardware mit BSI-konformer Datenl\u00f6schung und ISO-Zertifizierung."},{"@type":"BreadcrumbList","@id":"https:\/\/www.second-it.de\/blog\/hardware-lebenszyklus-praxisbericht\/#breadcrumb","itemListElement":[{"@type":"ListItem","position":1,"name":"Home","item":"https:\/\/www.second-it.de\/"},{"@type":"ListItem","position":2,"name":"Hardware-Lebenszyklus neu gedacht \u2013 Ein Praxisbericht"}]},{"@type":"WebSite","@id":"https:\/\/www.second-it.de\/#website","url":"https:\/\/www.second-it.de\/","name":"www.second-it.de","description":"Achat de TI, remise \u00e0 neuf et effacement des donn\u00e9es conform\u00e9ment au RGPD.","publisher":{"@id":"https:\/\/www.second-it.de\/#organization"},"potentialAction":[{"@type":"SearchAction","target":{"@type":"EntryPoint","urlTemplate":"https:\/\/www.second-it.de\/?s={search_term_string}"},"query-input":{"@type":"PropertyValueSpecification","valueRequired":true,"valueName":"search_term_string"}}],"inLanguage":"fr-FR"},{"@type":"Organization","@id":"https:\/\/www.second-it.de\/#organization","name":"Second IT Store GmbH","url":"https:\/\/www.second-it.de\/","logo":{"@type":"ImageObject","inLanguage":"fr-FR","@id":"https:\/\/www.second-it.de\/#\/schema\/logo\/image\/","url":"https:\/\/www.second-it.de\/wp-content\/uploads\/2024\/07\/secondit-logo.svg","contentUrl":"https:\/\/www.second-it.de\/wp-content\/uploads\/2024\/07\/secondit-logo.svg","width":212,"height":24,"caption":"Second IT Store GmbH"},"image":{"@id":"https:\/\/www.second-it.de\/#\/schema\/logo\/image\/"}},{"@type":"Person","@id":"https:\/\/www.second-it.de\/#\/schema\/person\/cd5e1374fd1e7628d89a2c9ed8295aa3","name":"Arash Ekhlasi","image":{"@type":"ImageObject","inLanguage":"fr-FR","@id":"https:\/\/www.second-it.de\/#\/schema\/person\/image\/","url":"https:\/\/secure.gravatar.com\/avatar\/68ea88e0b026eb113aa171cc6041b41efc01017df641aa90420140291a08675d?s=96&d=mm&r=g","contentUrl":"https:\/\/secure.gravatar.com\/avatar\/68ea88e0b026eb113aa171cc6041b41efc01017df641aa90420140291a08675d?s=96&d=mm&r=g","caption":"Arash Ekhlasi"},"sameAs":["https:\/\/www.cubemedia.de"],"url":"https:\/\/www.second-it.de\/fr\/blog\/author\/cubemedia\/"}]}},"jetpack_featured_media_url":"https:\/\/www.second-it.de\/wp-content\/uploads\/2024\/06\/office-computer-kostensenkung-kostenoptimierung-it-remarketing-itad-second-it-store-gmbh.jpg","jetpack_sharing_enabled":true,"_links":{"self":[{"href":"https:\/\/www.second-it.de\/fr\/wp-json\/wp\/v2\/posts\/680","targetHints":{"allow":["GET"]}}],"collection":[{"href":"https:\/\/www.second-it.de\/fr\/wp-json\/wp\/v2\/posts"}],"about":[{"href":"https:\/\/www.second-it.de\/fr\/wp-json\/wp\/v2\/types\/post"}],"author":[{"embeddable":true,"href":"https:\/\/www.second-it.de\/fr\/wp-json\/wp\/v2\/users\/2"}],"replies":[{"embeddable":true,"href":"https:\/\/www.second-it.de\/fr\/wp-json\/wp\/v2\/comments?post=680"}],"version-history":[{"count":0,"href":"https:\/\/www.second-it.de\/fr\/wp-json\/wp\/v2\/posts\/680\/revisions"}],"wp:featuredmedia":[{"embeddable":true,"href":"https:\/\/www.second-it.de\/fr\/wp-json\/wp\/v2\/media\/6407"}],"wp:attachment":[{"href":"https:\/\/www.second-it.de\/fr\/wp-json\/wp\/v2\/media?parent=680"}],"wp:term":[{"taxonomy":"category","embeddable":true,"href":"https:\/\/www.second-it.de\/fr\/wp-json\/wp\/v2\/categories?post=680"},{"taxonomy":"post_tag","embeddable":true,"href":"https:\/\/www.second-it.de\/fr\/wp-json\/wp\/v2\/tags?post=680"}],"curies":[{"name":"wp","href":"https:\/\/api.w.org\/{rel}","templated":true}]}}